{"id":224,"date":"2024-10-04T14:04:52","date_gmt":"2024-10-04T14:04:52","guid":{"rendered":"https:\/\/karellgendron.com\/?p=224"},"modified":"2024-10-04T14:04:52","modified_gmt":"2024-10-04T14:04:52","slug":"quest-ce-quune-sous-location-en-immobilier-commercial","status":"publish","type":"post","link":"https:\/\/karellgendron.com\/en\/quest-ce-quune-sous-location-en-immobilier-commercial\/","title":{"rendered":"Qu\u2019est-ce qu\u2019une sous-location en immobilier commercial"},"content":{"rendered":"<p>La sous-location en immobilier commercial est un processus par lequel un locataire d\u2019un espace commercial lou\u00e9 \u00e0 un bailleur d\u00e9cide de louer tout ou une partie de cet espace \u00e0 une tierce partie, appel\u00e9e sous-locataire. Cela signifie que le locataire initial, \u00e9galement connu sous le nom de locataire principal ou locataire direct, devient \u00e0 la fois locataire et sous-locateur.<\/p>\n<p>La sous-location peut impliquer la location de tout ou d\u2019une partie de l\u2019espace lou\u00e9, en fonction des besoins du locataire principal et des conditions du bail d\u2019origine. Par exemple, un locataire principal peut choisir de sous-louer une partie de son espace inutilis\u00e9 \u00e0 un autre professionnel ou entreprise, ce qui lui permet de r\u00e9duire ses co\u00fbts de location mensuels.<\/p>\n<p>Les raisons pour lesquelles un locataire commercial peut choisir de sous-louer son espace peuvent varier. Il peut s\u2019agir de maximiser l\u2019utilisation de l\u2019espace disponible, de partager les co\u00fbts de location avec d\u2019autres entreprises, ou m\u00eame de r\u00e9duire les risques financiers en cas de sous-utilisation de l\u2019espace lou\u00e9.<\/p>\n<p>Cependant, il est important de noter que la sous-location est souvent soumise \u00e0 l\u2019approbation pr\u00e9alable du bailleur, conform\u00e9ment aux termes du bail d\u2019origine. Le bail d\u2019origine \u00e9nonce g\u00e9n\u00e9ralement les conditions sp\u00e9cifiques sous lesquelles la sous-location est autoris\u00e9e, ainsi que les proc\u00e9dures \u00e0 suivre pour obtenir le consentement du bailleur.<\/p>\n<p>En r\u00e9sum\u00e9, la sous-location en immobilier commercial offre aux locataires la possibilit\u00e9 d\u2019optimiser l\u2019utilisation de leur espace lou\u00e9 en le partageant avec d\u2019autres entreprises ou professionnels. Cependant, cela n\u00e9cessite souvent une coordination avec le bailleur et le respect des conditions du bail d\u2019origine pour garantir une sous-location l\u00e9gale et conforme aux r\u00e9glementations en vigueur.<\/p>\n<p><strong>Processus de sous-location<\/strong><\/p>\n<p>Le processus de sous-location en immobilier commercial implique plusieurs \u00e9tapes importantes, chacune n\u00e9cessitant une attention particuli\u00e8re de la part du locataire principal. Voici un aper\u00e7u des \u00e9tapes typiques impliqu\u00e9es dans le processus de sous-location :<\/p>\n<p>Obtention du consentement du bailleur : Avant de proc\u00e9der \u00e0 toute sous-location, le locataire principal doit obtenir le consentement \u00e9crit du bailleur. Dans de nombreux cas, le bail d\u2019origine stipule les conditions sous lesquelles la sous-location est autoris\u00e9e et les proc\u00e9dures \u00e0 suivre pour obtenir l\u2019approbation du bailleur. Il est essentiel de suivre ces directives pour \u00e9viter toute violation du bail.<\/p>\n<p>N\u00e9gociation des termes de la sous-location : Une fois le consentement du bailleur obtenu, le locataire principal peut n\u00e9gocier les termes de la sous-location avec le sous-locataire potentiel. Cela comprend la fixation du loyer, la dur\u00e9e de la sous-location, les responsabilit\u00e9s en mati\u00e8re d\u2019entretien et d\u2019autres conditions pertinentes. Il est recommand\u00e9 de formaliser ces accords par \u00e9crit dans un contrat de sous-location.<\/p>\n<p>R\u00e9daction du contrat de sous-location : Une fois les termes convenus, un contrat de sous-location doit \u00eatre r\u00e9dig\u00e9 pour formaliser l\u2019entente entre le locataire principal et le sous-locataire. Ce contrat doit inclure toutes les conditions convenues, ainsi que les droits et responsabilit\u00e9s de chaque partie. Il est recommand\u00e9 de faire appel \u00e0 un avocat sp\u00e9cialis\u00e9 en droit immobilier pour r\u00e9diger ou examiner le contrat de sous-location afin de garantir sa conformit\u00e9 aux lois et r\u00e9glementations locales.<\/p>\n<p>Notification au bailleur : Avant que la sous-location ne devienne effective, le locataire principal doit g\u00e9n\u00e9ralement notifier le bailleur de tous les d\u00e9tails de la sous-location, y compris les informations sur le sous-locataire et les termes convenus. Cela permet au bailleur de mettre \u00e0 jour ses dossiers et de s\u2019assurer que toutes les parties sont inform\u00e9es de la nouvelle arrangement.<\/p>\n<p>Ex\u00e9cution du contrat de sous-location : Une fois que toutes les formalit\u00e9s ont \u00e9t\u00e9 remplies et que le contrat de sous-location a \u00e9t\u00e9 sign\u00e9 par toutes les parties, la sous-location peut \u00eatre ex\u00e9cut\u00e9e. Le locataire principal commence \u00e0 percevoir le loyer du sous-locataire conform\u00e9ment aux termes convenus, et le sous-locataire a acc\u00e8s \u00e0 l\u2019espace lou\u00e9.<\/p>\n<p>En suivant attentivement ces \u00e9tapes et en respectant les conditions du bail d\u2019origine, le locataire principal peut effectuer une sous-location en toute l\u00e9galit\u00e9 et conformit\u00e9 avec les r\u00e9glementations en vigueur. Cela lui permet de tirer pleinement parti de son espace commercial tout en partageant les co\u00fbts de location avec d\u2019autres entreprises ou professionnels.<\/p>\n<p><strong>Droits et responsabilit\u00e9s du locataire<\/strong><\/p>\n<p>Dans le processus de sous-location en immobilier commercial, le locataire principal assume \u00e0 la fois des droits et des responsabilit\u00e9s envers le sous-locataire et le bailleur. Voici quelques-uns de ces droits et responsabilit\u00e9s :<\/p>\n<p><u>Droits du locataire :<\/u><\/p>\n<p>Droit de sous-louer : Sous r\u00e9serve de l\u2019approbation du bailleur, le locataire principal a le droit de sous-louer tout ou partie de son espace commercial \u00e0 un sous-locataire.<\/p>\n<p>Droit de fixer les termes : Le locataire principal a le droit de n\u00e9gocier et de fixer les termes de la sous-location, y compris le loyer, la dur\u00e9e du bail et les responsabilit\u00e9s de chaque partie.<\/p>\n<p>Droit de percevoir le loyer : En tant que sous-locateur, le locataire principal a le droit de percevoir le loyer du sous-locataire conform\u00e9ment aux termes convenus dans le contrat de sous-location.<\/p>\n<p><u>Responsabilit\u00e9s du locataire :<\/u><\/p>\n<p>Respect des conditions du bail d\u2019origine : Le locataire principal est tenu de respecter toutes les conditions du bail d\u2019origine, y compris les clauses relatives \u00e0 la sous-location.<\/p>\n<p>Fourniture d\u2019un espace ad\u00e9quat : Le locataire principal est responsable de fournir un espace commercial en bon \u00e9tat au sous-locataire, conform\u00e9ment aux termes convenus dans le contrat de sous-location.<\/p>\n<p>Respect des lois et r\u00e9glementations : Le locataire principal doit s\u2019assurer que la sous-location est conforme \u00e0 toutes les lois et r\u00e9glementations locales, y compris les exigences en mati\u00e8re de zonage et d\u2019utilisation des terres.<\/p>\n<p>En comprenant ses droits et responsabilit\u00e9s en tant que locataire principal, une entreprise peut effectuer une sous-location en toute l\u00e9galit\u00e9 et garantir une relation harmonieuse avec le sous-locataire et le bailleur. Il est recommand\u00e9 de consulter un avocat sp\u00e9cialis\u00e9 en droit immobilier pour obtenir des conseils juridiques sp\u00e9cifiques \u00e0 votre situation avant de proc\u00e9der \u00e0 une sous-location commerciale.<\/p>\n<p><strong>Droits et responsabilit\u00e9s du bailleur<\/strong><\/p>\n<p>Dans le cadre d\u2019une sous-location en immobilier commercial, le bailleur (ou propri\u00e9taire) d\u00e9tient \u00e9galement des droits et des responsabilit\u00e9s sp\u00e9cifiques envers le locataire principal et le sous-locataire. Voici un aper\u00e7u de ces droits et responsabilit\u00e9s :<\/p>\n<p>Droits du bailleur :<\/p>\n<p>Droit de consentement : Le bailleur a le droit de consentir \u00e0 la sous-location propos\u00e9e par le locataire principal. Ce droit est g\u00e9n\u00e9ralement stipul\u00e9 dans le bail d\u2019origine et peut inclure des conditions sp\u00e9cifiques \u00e0 respecter pour obtenir ce consentement.<\/p>\n<p>Droit d\u2019examen du sous-locataire : Le bailleur a souvent le droit d\u2019examiner et d\u2019approuver le sous-locataire propos\u00e9 par le locataire principal. Cela lui permet de s\u2019assurer que le sous-locataire r\u00e9pond \u00e0 ses crit\u00e8res et respecte les conditions du bail d\u2019origine.<\/p>\n<p>Droit de percevoir le loyer : Bien que le locataire principal per\u00e7oive le loyer du sous-locataire, le bailleur conserve son droit de percevoir le loyer du locataire principal conform\u00e9ment aux termes du bail d\u2019origine.<\/p>\n<p>Responsabilit\u00e9s du bailleur :<\/p>\n<p>Maintien des installations : Le bailleur est responsable de maintenir les installations et les \u00e9quipements en bon \u00e9tat de fonctionnement, conform\u00e9ment aux termes du bail d\u2019origine. Cela inclut les r\u00e9parations structurelles, les syst\u00e8mes de chauffage et de climatisation, ainsi que les espaces communs.<\/p>\n<p>Respect des conditions du bail : Le bailleur est tenu de respecter toutes les conditions du bail d\u2019origine, y compris les clauses relatives \u00e0 la sous-location. Cela peut inclure l\u2019approbation rapide des demandes de sous-location et la fourniture des documents n\u00e9cessaires \u00e0 cet effet.<\/p>\n<p>Protection des int\u00e9r\u00eats du locataire principal : Le bailleur a \u00e9galement la responsabilit\u00e9 de prot\u00e9ger les int\u00e9r\u00eats du locataire principal en garantissant que le sous-locataire respecte les termes du contrat de sous-location et les obligations d\u00e9coulant du bail d\u2019origine.<\/p>\n<p>En comprenant ses droits et responsabilit\u00e9s en tant que bailleur, celui-ci peut jouer un r\u00f4le actif dans le processus de sous-location et garantir une relation harmonieuse entre toutes les parties impliqu\u00e9es. Il est recommand\u00e9 de consulter un avocat sp\u00e9cialis\u00e9 en droit immobilier pour obtenir des conseils juridiques sp\u00e9cifiques \u00e0 votre situation avant de consentir \u00e0 une sous-location commerciale.<\/p>\n<p><strong>Consid\u00e9rations juridiques et fiscales<\/strong><\/p>\n<p>La sous-location en immobilier commercial soul\u00e8ve plusieurs consid\u00e9rations juridiques et fiscales importantes pour toutes les parties impliqu\u00e9es. Voici quelques \u00e9l\u00e9ments \u00e0 prendre en compte :<\/p>\n<p><u>Implications juridiques :<\/u><\/p>\n<p>Conformit\u00e9 aux lois locales : Il est essentiel de s\u2019assurer que la sous-location est conforme \u00e0 toutes les lois et r\u00e9glementations locales, y compris les r\u00e8gles de zonage, les exigences en mati\u00e8re de permis et les clauses sp\u00e9cifiques du bail d\u2019origine.<\/p>\n<p>R\u00e9daction du contrat de sous-location : Un contrat de sous-location complet et bien r\u00e9dig\u00e9 est essentiel pour prot\u00e9ger les droits et les obligations de toutes les parties impliqu\u00e9es. Il est recommand\u00e9 de faire appel \u00e0 un avocat sp\u00e9cialis\u00e9 en droit immobilier pour r\u00e9diger ou examiner le contrat de sous-location afin de garantir sa conformit\u00e9 aux lois et r\u00e9glementations en vigueur.<\/p>\n<p>Responsabilit\u00e9 financi\u00e8re : Les parties doivent clarifier dans le contrat de sous-location qui sera responsable des frais suppl\u00e9mentaires, tels que les services publics, les r\u00e9parations et l\u2019entretien de l\u2019espace lou\u00e9.<\/p>\n<p><u>Cons\u00e9quences fiscales :<\/u><\/p>\n<p>Imp\u00f4ts sur le revenu : Le locataire principal peut \u00eatre tenu de d\u00e9clarer le loyer per\u00e7u du sous-locataire comme revenu imposable. Il est recommand\u00e9 de consulter un expert fiscal pour comprendre les obligations fiscales sp\u00e9cifiques dans votre juridiction.<\/p>\n<p>D\u00e9ductions fiscales : Le locataire principal peut \u00e9galement \u00eatre admissible \u00e0 certaines d\u00e9ductions fiscales li\u00e9es \u00e0 la sous-location, telles que les d\u00e9penses engag\u00e9es pour l\u2019entretien et les r\u00e9parations de l\u2019espace lou\u00e9. Encore une fois, un professionnel fiscal peut fournir des conseils sp\u00e9cifiques \u00e0 votre situation.<\/p>\n<p>Taxes sur les ventes et services : Certains juridictions peuvent imposer des taxes sur les loyers per\u00e7us du sous-locataire. Il est important de comprendre ces obligations fiscales et de les prendre en compte lors de la budg\u00e9tisation.<\/p>\n<p>En comprenant ces consid\u00e9rations juridiques et fiscales, les parties impliqu\u00e9es dans une sous-location en immobilier commercial peuvent \u00e9viter les conflits potentiels et s\u2019assurer que l\u2019arrangement est conforme aux lois et r\u00e9glementations en vigueur. Il est recommand\u00e9 de consulter des professionnels juridiques et fiscaux pour obtenir des conseils sp\u00e9cifiques \u00e0 votre situation avant de proc\u00e9der \u00e0 une sous-location commerciale.<\/p>\n<p><strong>Conseils pour une sous-location r\u00e9ussie<\/strong><\/p>\n<p>Pour garantir une sous-location r\u00e9ussie en immobilier commercial, voici quelques conseils \u00e0 prendre en compte :<\/p>\n<p>Comprendre les termes du bail d\u2019origine : Avant d\u2019entamer le processus de sous-location, il est essentiel de bien comprendre les termes et conditions du bail d\u2019origine. Cela permet de s\u2019assurer que la sous-location est conforme aux exigences du bailleur et aux lois locales.<\/p>\n<p>Obtenir le consentement du bailleur : Ne jamais sous-louer un espace commercial sans obtenir au pr\u00e9alable le consentement \u00e9crit du bailleur. Le non-respect de cette exigence pourrait entra\u00eener des cons\u00e9quences juridiques graves.<\/p>\n<p>R\u00e9diger un contrat de sous-location complet : Il est crucial de r\u00e9diger un contrat de sous-location complet qui clarifie les droits et les responsabilit\u00e9s de toutes les parties impliqu\u00e9es. Ce contrat devrait couvrir des aspects tels que le loyer, la dur\u00e9e de la sous-location, les obligations d\u2019entretien et les modalit\u00e9s de r\u00e9siliation.<\/p>\n<p>Communiquer ouvertement avec toutes les parties : Maintenir une communication ouverte et transparente avec le bailleur, le locataire principal et le sous-locataire est essentiel pour \u00e9viter les malentendus et les conflits potentiels.<\/p>\n<p>Respecter les obligations financi\u00e8res : S\u2019assurer que toutes les obligations financi\u00e8res, telles que le paiement du loyer et des frais suppl\u00e9mentaires, sont respect\u00e9es en temps voulu.<\/p>\n<p>Consulter des professionnels juridiques et fiscaux : En raison de la complexit\u00e9 juridique et fiscale associ\u00e9e \u00e0 la sous-location en immobilier commercial, il est recommand\u00e9 de consulter des professionnels juridiques et fiscaux pour obtenir des conseils sp\u00e9cifiques \u00e0 votre situation.<\/p>\n<p> En suivant ces conseils, les locataires principaux peuvent maximiser les avantages de la sous-location en minimisant les risques et en garantissant une relation harmonieuse avec toutes les parties impliqu\u00e9es.<\/p>\n","protected":false},"excerpt":{"rendered":"<p>La sous-location en immobilier commercial est un processus par lequel un locataire d\u2019un espace commercial lou\u00e9 \u00e0 un bailleur d\u00e9cide de louer tout ou une partie de cet espace \u00e0 une tierce partie, appel\u00e9e sous-locataire. Cela signifie que le locataire initial, \u00e9galement connu sous le nom de locataire principal ou locataire direct, devient \u00e0 la [&hellip;]<\/p>\n","protected":false},"author":5,"featured_media":228,"comment_status":"open","ping_status":"open","sticky":false,"template":"","format":"standard","meta":{"_acf_changed":false,"inline_featured_image":false,"footnotes":""},"categories":[7],"tags":[],"class_list":["post-224","post","type-post","status-publish","format-standard","has-post-thumbnail","hentry","category-commercial"],"acf":[],"yoast_head":"<!-- This site is optimized with the Yoast SEO plugin v26.2 - https:\/\/yoast.com\/wordpress\/plugins\/seo\/ -->\n<title>Qu\u2019est-ce qu\u2019une sous-location en immobilier commercial - Karell Gendron - Real Estate Team - eXp Immobilier<\/title>\n<meta name=\"robots\" content=\"index, follow, max-snippet:-1, max-image-preview:large, max-video-preview:-1\" \/>\n<link rel=\"canonical\" href=\"https:\/\/karellgendron.com\/en\/quest-ce-quune-sous-location-en-immobilier-commercial\/\" \/>\n<meta property=\"og:locale\" content=\"en_US\" \/>\n<meta property=\"og:type\" content=\"article\" \/>\n<meta property=\"og:title\" content=\"Qu\u2019est-ce qu\u2019une sous-location en immobilier commercial - Karell Gendron - Real Estate Team - eXp Immobilier\" \/>\n<meta property=\"og:description\" content=\"La sous-location en immobilier commercial est un processus par lequel un locataire d\u2019un espace commercial lou\u00e9 \u00e0 un bailleur d\u00e9cide de louer tout ou une partie de cet espace \u00e0 une tierce partie, appel\u00e9e sous-locataire. Cela signifie que le locataire initial, \u00e9galement connu sous le nom de locataire principal ou locataire direct, devient \u00e0 la [&hellip;]\" \/>\n<meta property=\"og:url\" content=\"https:\/\/karellgendron.com\/en\/quest-ce-quune-sous-location-en-immobilier-commercial\/\" \/>\n<meta property=\"og:site_name\" content=\"Karell Gendron\" \/>\n<meta property=\"article:published_time\" content=\"2024-10-04T14:04:52+00:00\" \/>\n<meta property=\"og:image\" content=\"https:\/\/karellgendron.com\/wp-content\/uploads\/2024\/10\/Blog21.jpg\" \/>\n\t<meta property=\"og:image:width\" content=\"1200\" \/>\n\t<meta property=\"og:image:height\" content=\"630\" \/>\n\t<meta property=\"og:image:type\" content=\"image\/jpeg\" \/>\n<meta name=\"author\" content=\"superioradmin\" \/>\n<meta name=\"twitter:card\" content=\"summary_large_image\" \/>\n<meta name=\"twitter:label1\" content=\"Written by\" \/>\n\t<meta name=\"twitter:data1\" content=\"superioradmin\" \/>\n\t<meta name=\"twitter:label2\" content=\"Est. reading time\" \/>\n\t<meta name=\"twitter:data2\" content=\"10 minutes\" \/>\n<script type=\"application\/ld+json\" class=\"yoast-schema-graph\">{\"@context\":\"https:\/\/schema.org\",\"@graph\":[{\"@type\":\"Article\",\"@id\":\"https:\/\/karellgendron.com\/en\/quest-ce-quune-sous-location-en-immobilier-commercial\/#article\",\"isPartOf\":{\"@id\":\"https:\/\/karellgendron.com\/en\/quest-ce-quune-sous-location-en-immobilier-commercial\/\"},\"author\":{\"name\":\"superioradmin\",\"@id\":\"https:\/\/karellgendron.com\/#\/schema\/person\/183ae76512b907a3243c34ef442930a4\"},\"headline\":\"Qu\u2019est-ce qu\u2019une sous-location en immobilier commercial\",\"datePublished\":\"2024-10-04T14:04:52+00:00\",\"mainEntityOfPage\":{\"@id\":\"https:\/\/karellgendron.com\/en\/quest-ce-quune-sous-location-en-immobilier-commercial\/\"},\"wordCount\":2076,\"commentCount\":0,\"publisher\":{\"@id\":\"https:\/\/karellgendron.com\/#organization\"},\"image\":{\"@id\":\"https:\/\/karellgendron.com\/en\/quest-ce-quune-sous-location-en-immobilier-commercial\/#primaryimage\"},\"thumbnailUrl\":\"https:\/\/karellgendron.com\/wp-content\/uploads\/2024\/10\/Blog21.jpg\",\"articleSection\":[\"Commercial\"],\"inLanguage\":\"en-US\",\"potentialAction\":[{\"@type\":\"CommentAction\",\"name\":\"Comment\",\"target\":[\"https:\/\/karellgendron.com\/en\/quest-ce-quune-sous-location-en-immobilier-commercial\/#respond\"]}]},{\"@type\":\"WebPage\",\"@id\":\"https:\/\/karellgendron.com\/en\/quest-ce-quune-sous-location-en-immobilier-commercial\/\",\"url\":\"https:\/\/karellgendron.com\/en\/quest-ce-quune-sous-location-en-immobilier-commercial\/\",\"name\":\"Qu\u2019est-ce qu\u2019une sous-location en immobilier commercial - Karell Gendron - Real Estate Team - eXp Immobilier\",\"isPartOf\":{\"@id\":\"https:\/\/karellgendron.com\/#website\"},\"primaryImageOfPage\":{\"@id\":\"https:\/\/karellgendron.com\/en\/quest-ce-quune-sous-location-en-immobilier-commercial\/#primaryimage\"},\"image\":{\"@id\":\"https:\/\/karellgendron.com\/en\/quest-ce-quune-sous-location-en-immobilier-commercial\/#primaryimage\"},\"thumbnailUrl\":\"https:\/\/karellgendron.com\/wp-content\/uploads\/2024\/10\/Blog21.jpg\",\"datePublished\":\"2024-10-04T14:04:52+00:00\",\"breadcrumb\":{\"@id\":\"https:\/\/karellgendron.com\/en\/quest-ce-quune-sous-location-en-immobilier-commercial\/#breadcrumb\"},\"inLanguage\":\"en-US\",\"potentialAction\":[{\"@type\":\"ReadAction\",\"target\":[\"https:\/\/karellgendron.com\/en\/quest-ce-quune-sous-location-en-immobilier-commercial\/\"]}]},{\"@type\":\"ImageObject\",\"inLanguage\":\"en-US\",\"@id\":\"https:\/\/karellgendron.com\/en\/quest-ce-quune-sous-location-en-immobilier-commercial\/#primaryimage\",\"url\":\"https:\/\/karellgendron.com\/wp-content\/uploads\/2024\/10\/Blog21.jpg\",\"contentUrl\":\"https:\/\/karellgendron.com\/wp-content\/uploads\/2024\/10\/Blog21.jpg\",\"width\":1200,\"height\":630},{\"@type\":\"BreadcrumbList\",\"@id\":\"https:\/\/karellgendron.com\/en\/quest-ce-quune-sous-location-en-immobilier-commercial\/#breadcrumb\",\"itemListElement\":[{\"@type\":\"ListItem\",\"position\":1,\"name\":\"Home\",\"item\":\"https:\/\/karellgendron.com\/en\/\"},{\"@type\":\"ListItem\",\"position\":2,\"name\":\"Qu\u2019est-ce qu\u2019une sous-location en immobilier commercial\"}]},{\"@type\":\"WebSite\",\"@id\":\"https:\/\/karellgendron.com\/#website\",\"url\":\"https:\/\/karellgendron.com\/\",\"name\":\"Karell Gendron\",\"description\":\"Real Estate Team - eXp Immobilier\",\"publisher\":{\"@id\":\"https:\/\/karellgendron.com\/#organization\"},\"potentialAction\":[{\"@type\":\"SearchAction\",\"target\":{\"@type\":\"EntryPoint\",\"urlTemplate\":\"https:\/\/karellgendron.com\/?s={search_term_string}\"},\"query-input\":{\"@type\":\"PropertyValueSpecification\",\"valueRequired\":true,\"valueName\":\"search_term_string\"}}],\"inLanguage\":\"en-US\"},{\"@type\":\"Organization\",\"@id\":\"https:\/\/karellgendron.com\/#organization\",\"name\":\"Karell Gendron\",\"url\":\"https:\/\/karellgendron.com\/\",\"logo\":{\"@type\":\"ImageObject\",\"inLanguage\":\"en-US\",\"@id\":\"https:\/\/karellgendron.com\/#\/schema\/logo\/image\/\",\"url\":\"https:\/\/karellgendron.com\/wp-content\/uploads\/2024\/10\/og.jpg\",\"contentUrl\":\"https:\/\/karellgendron.com\/wp-content\/uploads\/2024\/10\/og.jpg\",\"width\":1894,\"height\":936,\"caption\":\"Karell Gendron\"},\"image\":{\"@id\":\"https:\/\/karellgendron.com\/#\/schema\/logo\/image\/\"}},{\"@type\":\"Person\",\"@id\":\"https:\/\/karellgendron.com\/#\/schema\/person\/183ae76512b907a3243c34ef442930a4\",\"name\":\"superioradmin\",\"image\":{\"@type\":\"ImageObject\",\"inLanguage\":\"en-US\",\"@id\":\"https:\/\/karellgendron.com\/#\/schema\/person\/image\/\",\"url\":\"https:\/\/secure.gravatar.com\/avatar\/7591c4e997e5af2120492cc568c958932985b6164b56ba707009523cbdb1a2ef?s=96&d=mm&r=g\",\"contentUrl\":\"https:\/\/secure.gravatar.com\/avatar\/7591c4e997e5af2120492cc568c958932985b6164b56ba707009523cbdb1a2ef?s=96&d=mm&r=g\",\"caption\":\"superioradmin\"},\"url\":\"https:\/\/karellgendron.com\/en\/author\/superioradmin\/\"}]}<\/script>\n<!-- \/ Yoast SEO plugin. -->","yoast_head_json":{"title":"Qu\u2019est-ce qu\u2019une sous-location en immobilier commercial - Karell Gendron - Real Estate Team - eXp Immobilier","robots":{"index":"index","follow":"follow","max-snippet":"max-snippet:-1","max-image-preview":"max-image-preview:large","max-video-preview":"max-video-preview:-1"},"canonical":"https:\/\/karellgendron.com\/en\/quest-ce-quune-sous-location-en-immobilier-commercial\/","og_locale":"en_US","og_type":"article","og_title":"Qu\u2019est-ce qu\u2019une sous-location en immobilier commercial - Karell Gendron - Real Estate Team - eXp Immobilier","og_description":"La sous-location en immobilier commercial est un processus par lequel un locataire d\u2019un espace commercial lou\u00e9 \u00e0 un bailleur d\u00e9cide de louer tout ou une partie de cet espace \u00e0 une tierce partie, appel\u00e9e sous-locataire. Cela signifie que le locataire initial, \u00e9galement connu sous le nom de locataire principal ou locataire direct, devient \u00e0 la [&hellip;]","og_url":"https:\/\/karellgendron.com\/en\/quest-ce-quune-sous-location-en-immobilier-commercial\/","og_site_name":"Karell Gendron","article_published_time":"2024-10-04T14:04:52+00:00","og_image":[{"width":1200,"height":630,"url":"https:\/\/karellgendron.com\/wp-content\/uploads\/2024\/10\/Blog21.jpg","type":"image\/jpeg"}],"author":"superioradmin","twitter_card":"summary_large_image","twitter_misc":{"Written by":"superioradmin","Est. reading time":"10 minutes"},"schema":{"@context":"https:\/\/schema.org","@graph":[{"@type":"Article","@id":"https:\/\/karellgendron.com\/en\/quest-ce-quune-sous-location-en-immobilier-commercial\/#article","isPartOf":{"@id":"https:\/\/karellgendron.com\/en\/quest-ce-quune-sous-location-en-immobilier-commercial\/"},"author":{"name":"superioradmin","@id":"https:\/\/karellgendron.com\/#\/schema\/person\/183ae76512b907a3243c34ef442930a4"},"headline":"Qu\u2019est-ce qu\u2019une sous-location en immobilier commercial","datePublished":"2024-10-04T14:04:52+00:00","mainEntityOfPage":{"@id":"https:\/\/karellgendron.com\/en\/quest-ce-quune-sous-location-en-immobilier-commercial\/"},"wordCount":2076,"commentCount":0,"publisher":{"@id":"https:\/\/karellgendron.com\/#organization"},"image":{"@id":"https:\/\/karellgendron.com\/en\/quest-ce-quune-sous-location-en-immobilier-commercial\/#primaryimage"},"thumbnailUrl":"https:\/\/karellgendron.com\/wp-content\/uploads\/2024\/10\/Blog21.jpg","articleSection":["Commercial"],"inLanguage":"en-US","potentialAction":[{"@type":"CommentAction","name":"Comment","target":["https:\/\/karellgendron.com\/en\/quest-ce-quune-sous-location-en-immobilier-commercial\/#respond"]}]},{"@type":"WebPage","@id":"https:\/\/karellgendron.com\/en\/quest-ce-quune-sous-location-en-immobilier-commercial\/","url":"https:\/\/karellgendron.com\/en\/quest-ce-quune-sous-location-en-immobilier-commercial\/","name":"Qu\u2019est-ce qu\u2019une sous-location en immobilier commercial - Karell Gendron - Real Estate Team - eXp Immobilier","isPartOf":{"@id":"https:\/\/karellgendron.com\/#website"},"primaryImageOfPage":{"@id":"https:\/\/karellgendron.com\/en\/quest-ce-quune-sous-location-en-immobilier-commercial\/#primaryimage"},"image":{"@id":"https:\/\/karellgendron.com\/en\/quest-ce-quune-sous-location-en-immobilier-commercial\/#primaryimage"},"thumbnailUrl":"https:\/\/karellgendron.com\/wp-content\/uploads\/2024\/10\/Blog21.jpg","datePublished":"2024-10-04T14:04:52+00:00","breadcrumb":{"@id":"https:\/\/karellgendron.com\/en\/quest-ce-quune-sous-location-en-immobilier-commercial\/#breadcrumb"},"inLanguage":"en-US","potentialAction":[{"@type":"ReadAction","target":["https:\/\/karellgendron.com\/en\/quest-ce-quune-sous-location-en-immobilier-commercial\/"]}]},{"@type":"ImageObject","inLanguage":"en-US","@id":"https:\/\/karellgendron.com\/en\/quest-ce-quune-sous-location-en-immobilier-commercial\/#primaryimage","url":"https:\/\/karellgendron.com\/wp-content\/uploads\/2024\/10\/Blog21.jpg","contentUrl":"https:\/\/karellgendron.com\/wp-content\/uploads\/2024\/10\/Blog21.jpg","width":1200,"height":630},{"@type":"BreadcrumbList","@id":"https:\/\/karellgendron.com\/en\/quest-ce-quune-sous-location-en-immobilier-commercial\/#breadcrumb","itemListElement":[{"@type":"ListItem","position":1,"name":"Home","item":"https:\/\/karellgendron.com\/en\/"},{"@type":"ListItem","position":2,"name":"Qu\u2019est-ce qu\u2019une sous-location en immobilier commercial"}]},{"@type":"WebSite","@id":"https:\/\/karellgendron.com\/#website","url":"https:\/\/karellgendron.com\/","name":"Karell Gendron","description":"Real Estate Team - eXp Immobilier","publisher":{"@id":"https:\/\/karellgendron.com\/#organization"},"potentialAction":[{"@type":"SearchAction","target":{"@type":"EntryPoint","urlTemplate":"https:\/\/karellgendron.com\/?s={search_term_string}"},"query-input":{"@type":"PropertyValueSpecification","valueRequired":true,"valueName":"search_term_string"}}],"inLanguage":"en-US"},{"@type":"Organization","@id":"https:\/\/karellgendron.com\/#organization","name":"Karell Gendron","url":"https:\/\/karellgendron.com\/","logo":{"@type":"ImageObject","inLanguage":"en-US","@id":"https:\/\/karellgendron.com\/#\/schema\/logo\/image\/","url":"https:\/\/karellgendron.com\/wp-content\/uploads\/2024\/10\/og.jpg","contentUrl":"https:\/\/karellgendron.com\/wp-content\/uploads\/2024\/10\/og.jpg","width":1894,"height":936,"caption":"Karell Gendron"},"image":{"@id":"https:\/\/karellgendron.com\/#\/schema\/logo\/image\/"}},{"@type":"Person","@id":"https:\/\/karellgendron.com\/#\/schema\/person\/183ae76512b907a3243c34ef442930a4","name":"superioradmin","image":{"@type":"ImageObject","inLanguage":"en-US","@id":"https:\/\/karellgendron.com\/#\/schema\/person\/image\/","url":"https:\/\/secure.gravatar.com\/avatar\/7591c4e997e5af2120492cc568c958932985b6164b56ba707009523cbdb1a2ef?s=96&d=mm&r=g","contentUrl":"https:\/\/secure.gravatar.com\/avatar\/7591c4e997e5af2120492cc568c958932985b6164b56ba707009523cbdb1a2ef?s=96&d=mm&r=g","caption":"superioradmin"},"url":"https:\/\/karellgendron.com\/en\/author\/superioradmin\/"}]}},"_links":{"self":[{"href":"https:\/\/karellgendron.com\/en\/wp-json\/wp\/v2\/posts\/224","targetHints":{"allow":["GET"]}}],"collection":[{"href":"https:\/\/karellgendron.com\/en\/wp-json\/wp\/v2\/posts"}],"about":[{"href":"https:\/\/karellgendron.com\/en\/wp-json\/wp\/v2\/types\/post"}],"author":[{"embeddable":true,"href":"https:\/\/karellgendron.com\/en\/wp-json\/wp\/v2\/users\/5"}],"replies":[{"embeddable":true,"href":"https:\/\/karellgendron.com\/en\/wp-json\/wp\/v2\/comments?post=224"}],"version-history":[{"count":1,"href":"https:\/\/karellgendron.com\/en\/wp-json\/wp\/v2\/posts\/224\/revisions"}],"predecessor-version":[{"id":236,"href":"https:\/\/karellgendron.com\/en\/wp-json\/wp\/v2\/posts\/224\/revisions\/236"}],"wp:featuredmedia":[{"embeddable":true,"href":"https:\/\/karellgendron.com\/en\/wp-json\/wp\/v2\/media\/228"}],"wp:attachment":[{"href":"https:\/\/karellgendron.com\/en\/wp-json\/wp\/v2\/media?parent=224"}],"wp:term":[{"taxonomy":"category","embeddable":true,"href":"https:\/\/karellgendron.com\/en\/wp-json\/wp\/v2\/categories?post=224"},{"taxonomy":"post_tag","embeddable":true,"href":"https:\/\/karellgendron.com\/en\/wp-json\/wp\/v2\/tags?post=224"}],"curies":[{"name":"wp","href":"https:\/\/api.w.org\/{rel}","templated":true}]}}